{"id":29181,"date":"2016-07-14T17:25:00","date_gmt":"2016-07-14T15:25:00","guid":{"rendered":"http:\/\/circulojpes.com\/index.php\/2020\/07\/14\/ceje-participates-in-the-third-horitzo-asia-business-conference\/"},"modified":"2025-12-22T12:18:33","modified_gmt":"2025-12-22T11:18:33","slug":"ceje-participates-in-the-third-horitzo-asia-business-conference","status":"publish","type":"post","link":"https:\/\/circulojpes.com\/en\/ceje-participates-in-the-third-horitzo-asia-business-conference\/","title":{"rendered":"CEJE participates in the Third Horitz\u00f3 \u00c0sia Business Conference"},"content":{"rendered":"<p>The Third Horitz\u00f3 \u00c0sia Business Conference took place on July 13 and 14 at the Casa de la Convalesc\u00e8ncia de Vic, in conjunction with the Asian Summer Film Festival in Vic. The Japan-Spain Business Circle (CEJE) collaborated in the organization of this conference, which aimed to spread knowledge about Asia\u2019s commercial potential.<\/p>\n<p>&nbsp;<\/p>\n<p>Jorge Lasheras, President of CEJE, was responsible for moderating the round table discussion titled \u201cJapan, a new opportunity for Catalan companies.\u201d Jordi Figueras, Sales Manager of Cacao Sampaka, and Joan Coromines, current Vice President of CEJE, also participated in the discussion.<\/p>\n","protected":false},"excerpt":{"rendered":"<p>The Third Horitz\u00f3 \u00c0sia Business Conference took place on July 13 and 14 at the Casa de la Convalesc\u00e8ncia de Vic, in conjunction with the Asian Summer Film Festival in Vic. The Japan-Spain Business Circle (CEJE) collaborated in the organization of this conference, which aimed to spread knowledge about Asia\u2019s commercial potential. &nbsp; Jorge Lasheras, [&hellip;]<\/p>\n","protected":false},"author":1,"featured_media":33505,"comment_status":"closed","ping_status":"open","sticky":false,"template":"","format":"standard","meta":{"footnotes":""},"categories":[33,1],"tags":[],"class_list":["post-29181","post","type-post","status-publish","format-standard","has-post-thumbnail","hentry","category-ceje-events","category-sin-categoria"],"yoast_head":"<!-- This site is optimized with the Yoast SEO plugin v27.4 - https:\/\/yoast.com\/product\/yoast-seo-wordpress\/ -->\n<title>CEJE participates in the Third Horitz\u00f3 \u00c0sia Business Conference - CEJE<\/title>\n<meta name=\"robots\" content=\"index, follow, max-snippet:-1, max-image-preview:large, max-video-preview:-1\" \/>\n<link rel=\"canonical\" href=\"https:\/\/circulojpes.com\/en\/ceje-participates-in-the-third-horitzo-asia-business-conference\/\" \/>\n<meta property=\"og:locale\" content=\"en_US\" \/>\n<meta property=\"og:type\" content=\"article\" \/>\n<meta property=\"og:title\" content=\"CEJE participates in the Third Horitz\u00f3 \u00c0sia Business Conference - CEJE\" \/>\n<meta property=\"og:description\" content=\"The Third Horitz\u00f3 \u00c0sia Business Conference took place on July 13 and 14 at the Casa de la Convalesc\u00e8ncia de Vic, in conjunction with the Asian Summer Film Festival in Vic. The Japan-Spain Business Circle (CEJE) collaborated in the organization of this conference, which aimed to spread knowledge about Asia\u2019s commercial potential. &nbsp; Jorge Lasheras, [&hellip;]\" \/>\n<meta property=\"og:url\" content=\"https:\/\/circulojpes.com\/en\/ceje-participates-in-the-third-horitzo-asia-business-conference\/\" \/>\n<meta property=\"og:site_name\" content=\"CEJE\" \/>\n<meta property=\"article:published_time\" content=\"2016-07-14T15:25:00+00:00\" \/>\n<meta property=\"article:modified_time\" content=\"2025-12-22T11:18:33+00:00\" \/>\n<meta name=\"author\" content=\"admin\" \/>\n<meta name=\"twitter:card\" content=\"summary_large_image\" \/>\n<meta name=\"twitter:label1\" content=\"Written by\" \/>\n\t<meta name=\"twitter:data1\" content=\"admin\" \/>\n<script type=\"application\/ld+json\" class=\"yoast-schema-graph\">{\"@context\":\"https:\\\/\\\/schema.org\",\"@graph\":[{\"@type\":\"Article\",\"@id\":\"https:\\\/\\\/circulojpes.com\\\/en\\\/ceje-participates-in-the-third-horitzo-asia-business-conference\\\/#article\",\"isPartOf\":{\"@id\":\"https:\\\/\\\/circulojpes.com\\\/en\\\/ceje-participates-in-the-third-horitzo-asia-business-conference\\\/\"},\"author\":{\"name\":\"admin\",\"@id\":\"https:\\\/\\\/circulojpes.com\\\/#\\\/schema\\\/person\\\/8cb712462983d286a0ccef34c4ddcd32\"},\"headline\":\"CEJE participates in the Third Horitz\u00f3 \u00c0sia Business Conference\",\"datePublished\":\"2016-07-14T15:25:00+00:00\",\"dateModified\":\"2025-12-22T11:18:33+00:00\",\"mainEntityOfPage\":{\"@id\":\"https:\\\/\\\/circulojpes.com\\\/en\\\/ceje-participates-in-the-third-horitzo-asia-business-conference\\\/\"},\"wordCount\":103,\"publisher\":{\"@id\":\"https:\\\/\\\/circulojpes.com\\\/#organization\"},\"image\":{\"@id\":\"https:\\\/\\\/circulojpes.com\\\/en\\\/ceje-participates-in-the-third-horitzo-asia-business-conference\\\/#primaryimage\"},\"thumbnailUrl\":\"https:\\\/\\\/circulojpes.com\\\/wp-content\\\/uploads\\\/2016\\\/07\\\/jornada2-apunt-1.jpeg\",\"articleSection\":[\"CEJE Events\",\"Sin categor\u00eda\"],\"inLanguage\":\"en-US\"},{\"@type\":\"WebPage\",\"@id\":\"https:\\\/\\\/circulojpes.com\\\/en\\\/ceje-participates-in-the-third-horitzo-asia-business-conference\\\/\",\"url\":\"https:\\\/\\\/circulojpes.com\\\/en\\\/ceje-participates-in-the-third-horitzo-asia-business-conference\\\/\",\"name\":\"CEJE participates in the Third Horitz\u00f3 \u00c0sia Business Conference - CEJE\",\"isPartOf\":{\"@id\":\"https:\\\/\\\/circulojpes.com\\\/#website\"},\"primaryImageOfPage\":{\"@id\":\"https:\\\/\\\/circulojpes.com\\\/en\\\/ceje-participates-in-the-third-horitzo-asia-business-conference\\\/#primaryimage\"},\"image\":{\"@id\":\"https:\\\/\\\/circulojpes.com\\\/en\\\/ceje-participates-in-the-third-horitzo-asia-business-conference\\\/#primaryimage\"},\"thumbnailUrl\":\"https:\\\/\\\/circulojpes.com\\\/wp-content\\\/uploads\\\/2016\\\/07\\\/jornada2-apunt-1.jpeg\",\"datePublished\":\"2016-07-14T15:25:00+00:00\",\"dateModified\":\"2025-12-22T11:18:33+00:00\",\"breadcrumb\":{\"@id\":\"https:\\\/\\\/circulojpes.com\\\/en\\\/ceje-participates-in-the-third-horitzo-asia-business-conference\\\/#breadcrumb\"},\"inLanguage\":\"en-US\",\"potentialAction\":[{\"@type\":\"ReadAction\",\"target\":[\"https:\\\/\\\/circulojpes.com\\\/en\\\/ceje-participates-in-the-third-horitzo-asia-business-conference\\\/\"]}]},{\"@type\":\"ImageObject\",\"inLanguage\":\"en-US\",\"@id\":\"https:\\\/\\\/circulojpes.com\\\/en\\\/ceje-participates-in-the-third-horitzo-asia-business-conference\\\/#primaryimage\",\"url\":\"https:\\\/\\\/circulojpes.com\\\/wp-content\\\/uploads\\\/2016\\\/07\\\/jornada2-apunt-1.jpeg\",\"contentUrl\":\"https:\\\/\\\/circulojpes.com\\\/wp-content\\\/uploads\\\/2016\\\/07\\\/jornada2-apunt-1.jpeg\",\"width\":600,\"height\":429},{\"@type\":\"BreadcrumbList\",\"@id\":\"https:\\\/\\\/circulojpes.com\\\/en\\\/ceje-participates-in-the-third-horitzo-asia-business-conference\\\/#breadcrumb\",\"itemListElement\":[{\"@type\":\"ListItem\",\"position\":1,\"name\":\"Portada\",\"item\":\"https:\\\/\\\/circulojpes.com\\\/\"},{\"@type\":\"ListItem\",\"position\":2,\"name\":\"CEJE participates in the Third Horitz\u00f3 \u00c0sia Business Conference\"}]},{\"@type\":\"WebSite\",\"@id\":\"https:\\\/\\\/circulojpes.com\\\/#website\",\"url\":\"https:\\\/\\\/circulojpes.com\\\/\",\"name\":\"CEJE\",\"description\":\"Circulo Empresarial Jap\u00f3n Espa\u00f1a\",\"publisher\":{\"@id\":\"https:\\\/\\\/circulojpes.com\\\/#organization\"},\"potentialAction\":[{\"@type\":\"SearchAction\",\"target\":{\"@type\":\"EntryPoint\",\"urlTemplate\":\"https:\\\/\\\/circulojpes.com\\\/?s={search_term_string}\"},\"query-input\":{\"@type\":\"PropertyValueSpecification\",\"valueRequired\":true,\"valueName\":\"search_term_string\"}}],\"inLanguage\":\"en-US\"},{\"@type\":\"Organization\",\"@id\":\"https:\\\/\\\/circulojpes.com\\\/#organization\",\"name\":\"Circulo Empresarial Jap\u00f3n Espa\u00f1a\",\"url\":\"https:\\\/\\\/circulojpes.com\\\/\",\"logo\":{\"@type\":\"ImageObject\",\"inLanguage\":\"en-US\",\"@id\":\"https:\\\/\\\/circulojpes.com\\\/#\\\/schema\\\/logo\\\/image\\\/\",\"url\":\"https:\\\/\\\/circulojpes.com\\\/wp-content\\\/uploads\\\/2025\\\/10\\\/cropped-logo-ceje.png\",\"contentUrl\":\"https:\\\/\\\/circulojpes.com\\\/wp-content\\\/uploads\\\/2025\\\/10\\\/cropped-logo-ceje.png\",\"width\":830,\"height\":364,\"caption\":\"Circulo Empresarial Jap\u00f3n Espa\u00f1a\"},\"image\":{\"@id\":\"https:\\\/\\\/circulojpes.com\\\/#\\\/schema\\\/logo\\\/image\\\/\"}},{\"@type\":\"Person\",\"@id\":\"https:\\\/\\\/circulojpes.com\\\/#\\\/schema\\\/person\\\/8cb712462983d286a0ccef34c4ddcd32\",\"name\":\"admin\",\"image\":{\"@type\":\"ImageObject\",\"inLanguage\":\"en-US\",\"@id\":\"https:\\\/\\\/secure.gravatar.com\\\/avatar\\\/3f8a80423e78c72c6bcbdd138d171d75dc6fd775c651ab3646a832b24e808ed0?s=96&d=mm&r=g\",\"url\":\"https:\\\/\\\/secure.gravatar.com\\\/avatar\\\/3f8a80423e78c72c6bcbdd138d171d75dc6fd775c651ab3646a832b24e808ed0?s=96&d=mm&r=g\",\"contentUrl\":\"https:\\\/\\\/secure.gravatar.com\\\/avatar\\\/3f8a80423e78c72c6bcbdd138d171d75dc6fd775c651ab3646a832b24e808ed0?s=96&d=mm&r=g\",\"caption\":\"admin\"},\"sameAs\":[\"https:\\\/\\\/circulojpes.com\"],\"url\":\"https:\\\/\\\/circulojpes.com\\\/en\\\/author\\\/ceje_2025\\\/\"}]}<\/script>\n<!-- \/ Yoast SEO plugin. -->","yoast_head_json":{"title":"CEJE participates in the Third Horitz\u00f3 \u00c0sia Business Conference - CEJE","robots":{"index":"index","follow":"follow","max-snippet":"max-snippet:-1","max-image-preview":"max-image-preview:large","max-video-preview":"max-video-preview:-1"},"canonical":"https:\/\/circulojpes.com\/en\/ceje-participates-in-the-third-horitzo-asia-business-conference\/","og_locale":"en_US","og_type":"article","og_title":"CEJE participates in the Third Horitz\u00f3 \u00c0sia Business Conference - CEJE","og_description":"The Third Horitz\u00f3 \u00c0sia Business Conference took place on July 13 and 14 at the Casa de la Convalesc\u00e8ncia de Vic, in conjunction with the Asian Summer Film Festival in Vic. The Japan-Spain Business Circle (CEJE) collaborated in the organization of this conference, which aimed to spread knowledge about Asia\u2019s commercial potential. &nbsp; Jorge Lasheras, [&hellip;]","og_url":"https:\/\/circulojpes.com\/en\/ceje-participates-in-the-third-horitzo-asia-business-conference\/","og_site_name":"CEJE","article_published_time":"2016-07-14T15:25:00+00:00","article_modified_time":"2025-12-22T11:18:33+00:00","author":"admin","twitter_card":"summary_large_image","twitter_misc":{"Written by":"admin"},"schema":{"@context":"https:\/\/schema.org","@graph":[{"@type":"Article","@id":"https:\/\/circulojpes.com\/en\/ceje-participates-in-the-third-horitzo-asia-business-conference\/#article","isPartOf":{"@id":"https:\/\/circulojpes.com\/en\/ceje-participates-in-the-third-horitzo-asia-business-conference\/"},"author":{"name":"admin","@id":"https:\/\/circulojpes.com\/#\/schema\/person\/8cb712462983d286a0ccef34c4ddcd32"},"headline":"CEJE participates in the Third Horitz\u00f3 \u00c0sia Business Conference","datePublished":"2016-07-14T15:25:00+00:00","dateModified":"2025-12-22T11:18:33+00:00","mainEntityOfPage":{"@id":"https:\/\/circulojpes.com\/en\/ceje-participates-in-the-third-horitzo-asia-business-conference\/"},"wordCount":103,"publisher":{"@id":"https:\/\/circulojpes.com\/#organization"},"image":{"@id":"https:\/\/circulojpes.com\/en\/ceje-participates-in-the-third-horitzo-asia-business-conference\/#primaryimage"},"thumbnailUrl":"https:\/\/circulojpes.com\/wp-content\/uploads\/2016\/07\/jornada2-apunt-1.jpeg","articleSection":["CEJE Events","Sin categor\u00eda"],"inLanguage":"en-US"},{"@type":"WebPage","@id":"https:\/\/circulojpes.com\/en\/ceje-participates-in-the-third-horitzo-asia-business-conference\/","url":"https:\/\/circulojpes.com\/en\/ceje-participates-in-the-third-horitzo-asia-business-conference\/","name":"CEJE participates in the Third Horitz\u00f3 \u00c0sia Business Conference - CEJE","isPartOf":{"@id":"https:\/\/circulojpes.com\/#website"},"primaryImageOfPage":{"@id":"https:\/\/circulojpes.com\/en\/ceje-participates-in-the-third-horitzo-asia-business-conference\/#primaryimage"},"image":{"@id":"https:\/\/circulojpes.com\/en\/ceje-participates-in-the-third-horitzo-asia-business-conference\/#primaryimage"},"thumbnailUrl":"https:\/\/circulojpes.com\/wp-content\/uploads\/2016\/07\/jornada2-apunt-1.jpeg","datePublished":"2016-07-14T15:25:00+00:00","dateModified":"2025-12-22T11:18:33+00:00","breadcrumb":{"@id":"https:\/\/circulojpes.com\/en\/ceje-participates-in-the-third-horitzo-asia-business-conference\/#breadcrumb"},"inLanguage":"en-US","potentialAction":[{"@type":"ReadAction","target":["https:\/\/circulojpes.com\/en\/ceje-participates-in-the-third-horitzo-asia-business-conference\/"]}]},{"@type":"ImageObject","inLanguage":"en-US","@id":"https:\/\/circulojpes.com\/en\/ceje-participates-in-the-third-horitzo-asia-business-conference\/#primaryimage","url":"https:\/\/circulojpes.com\/wp-content\/uploads\/2016\/07\/jornada2-apunt-1.jpeg","contentUrl":"https:\/\/circulojpes.com\/wp-content\/uploads\/2016\/07\/jornada2-apunt-1.jpeg","width":600,"height":429},{"@type":"BreadcrumbList","@id":"https:\/\/circulojpes.com\/en\/ceje-participates-in-the-third-horitzo-asia-business-conference\/#breadcrumb","itemListElement":[{"@type":"ListItem","position":1,"name":"Portada","item":"https:\/\/circulojpes.com\/"},{"@type":"ListItem","position":2,"name":"CEJE participates in the Third Horitz\u00f3 \u00c0sia Business Conference"}]},{"@type":"WebSite","@id":"https:\/\/circulojpes.com\/#website","url":"https:\/\/circulojpes.com\/","name":"CEJE","description":"Circulo Empresarial Jap\u00f3n Espa\u00f1a","publisher":{"@id":"https:\/\/circulojpes.com\/#organization"},"potentialAction":[{"@type":"SearchAction","target":{"@type":"EntryPoint","urlTemplate":"https:\/\/circulojpes.com\/?s={search_term_string}"},"query-input":{"@type":"PropertyValueSpecification","valueRequired":true,"valueName":"search_term_string"}}],"inLanguage":"en-US"},{"@type":"Organization","@id":"https:\/\/circulojpes.com\/#organization","name":"Circulo Empresarial Jap\u00f3n Espa\u00f1a","url":"https:\/\/circulojpes.com\/","logo":{"@type":"ImageObject","inLanguage":"en-US","@id":"https:\/\/circulojpes.com\/#\/schema\/logo\/image\/","url":"https:\/\/circulojpes.com\/wp-content\/uploads\/2025\/10\/cropped-logo-ceje.png","contentUrl":"https:\/\/circulojpes.com\/wp-content\/uploads\/2025\/10\/cropped-logo-ceje.png","width":830,"height":364,"caption":"Circulo Empresarial Jap\u00f3n Espa\u00f1a"},"image":{"@id":"https:\/\/circulojpes.com\/#\/schema\/logo\/image\/"}},{"@type":"Person","@id":"https:\/\/circulojpes.com\/#\/schema\/person\/8cb712462983d286a0ccef34c4ddcd32","name":"admin","image":{"@type":"ImageObject","inLanguage":"en-US","@id":"https:\/\/secure.gravatar.com\/avatar\/3f8a80423e78c72c6bcbdd138d171d75dc6fd775c651ab3646a832b24e808ed0?s=96&d=mm&r=g","url":"https:\/\/secure.gravatar.com\/avatar\/3f8a80423e78c72c6bcbdd138d171d75dc6fd775c651ab3646a832b24e808ed0?s=96&d=mm&r=g","contentUrl":"https:\/\/secure.gravatar.com\/avatar\/3f8a80423e78c72c6bcbdd138d171d75dc6fd775c651ab3646a832b24e808ed0?s=96&d=mm&r=g","caption":"admin"},"sameAs":["https:\/\/circulojpes.com"],"url":"https:\/\/circulojpes.com\/en\/author\/ceje_2025\/"}]}},"_links":{"self":[{"href":"https:\/\/circulojpes.com\/en\/wp-json\/wp\/v2\/posts\/29181","targetHints":{"allow":["GET"]}}],"collection":[{"href":"https:\/\/circulojpes.com\/en\/wp-json\/wp\/v2\/posts"}],"about":[{"href":"https:\/\/circulojpes.com\/en\/wp-json\/wp\/v2\/types\/post"}],"author":[{"embeddable":true,"href":"https:\/\/circulojpes.com\/en\/wp-json\/wp\/v2\/users\/1"}],"replies":[{"embeddable":true,"href":"https:\/\/circulojpes.com\/en\/wp-json\/wp\/v2\/comments?post=29181"}],"version-history":[{"count":1,"href":"https:\/\/circulojpes.com\/en\/wp-json\/wp\/v2\/posts\/29181\/revisions"}],"predecessor-version":[{"id":29358,"href":"https:\/\/circulojpes.com\/en\/wp-json\/wp\/v2\/posts\/29181\/revisions\/29358"}],"wp:featuredmedia":[{"embeddable":true,"href":"https:\/\/circulojpes.com\/en\/wp-json\/wp\/v2\/media\/33505"}],"wp:attachment":[{"href":"https:\/\/circulojpes.com\/en\/wp-json\/wp\/v2\/media?parent=29181"}],"wp:term":[{"taxonomy":"category","embeddable":true,"href":"https:\/\/circulojpes.com\/en\/wp-json\/wp\/v2\/categories?post=29181"},{"taxonomy":"post_tag","embeddable":true,"href":"https:\/\/circulojpes.com\/en\/wp-json\/wp\/v2\/tags?post=29181"}],"curies":[{"name":"wp","href":"https:\/\/api.w.org\/{rel}","templated":true}]}}